{"id":303,"date":"2024-06-17T11:04:59","date_gmt":"2024-06-17T09:04:59","guid":{"rendered":"https:\/\/facebrealisation.org\/?p=303"},"modified":"2024-06-17T11:04:59","modified_gmt":"2024-06-17T09:04:59","slug":"le-peuple-des-abeilles","status":"publish","type":"post","link":"https:\/\/facebrealisation.org\/index.php\/2024\/06\/17\/le-peuple-des-abeilles\/","title":{"rendered":"Le Peuple des Abeilles"},"content":{"rendered":"\n<p>De septembre 2019 \u00e0 f\u00e9vrier 2020, les enfants des \u00e9coles Saint-Joseph et Alexandre Jardin ont travaill\u00e9s avec la compagnie Les Mauvaise Herbes. Cette vid\u00e9o est le fruit de ces \u00e9changes, men\u00e9s dans le cadre du CLEA Anjou Bleu.<\/p>\n\n\n\n<p>Les photos et les enregistrements sonores sont issus des ateliers propos\u00e9s aux enfants par St\u00e9phane Delaunay et Jean-Fran\u00e7ois Orillon, duo recto verseau de la <a href=\"https:\/\/www.instagram.com\/cie_lesmauvaisesherbes\/?hl=fr\">Cie Les Mauvaises Herbes <\/a>, Face B en finalise le montage.<\/p>\n\n\n\n<figure class=\"wp-block-embed is-type-video is-provider-youtube wp-block-embed-youtube wp-embed-aspect-16-9 wp-has-aspect-ratio\"><div class=\"wp-block-embed__wrapper\">\n<iframe loading=\"lazy\" title=\"Le Peuple des Abeilles - Cie Les Mauvaises Herbes\" width=\"840\" height=\"473\" src=\"https:\/\/www.youtube.com\/embed\/nSWJuxLmO1g?feature=oembed\" frameborder=\"0\" allow=\"accelerometer; autoplay; clipboard-write; encrypted-media; gyroscope; picture-in-picture; web-share\" referrerpolicy=\"strict-origin-when-cross-origin\" allowfullscreen><\/iframe>\n<\/div><\/figure>\n","protected":false},"excerpt":{"rendered":"<p>De septembre 2019 \u00e0 f\u00e9vrier 2020, les enfants des \u00e9coles Saint-Joseph et Alexandre Jardin ont travaill\u00e9s avec la compagnie Les Mauvaise Herbes. Cette vid\u00e9o est le fruit de ces \u00e9changes, men\u00e9s dans le cadre du CLEA Anjou Bleu. Les photos et les enregistrements sonores sont issus des ateliers propos\u00e9s aux enfants par St\u00e9phane Delaunay et &hellip; <a href=\"https:\/\/facebrealisation.org\/index.php\/2024\/06\/17\/le-peuple-des-abeilles\/\" class=\"more-link\">Continuer la lecture<span class=\"screen-reader-text\"> de &laquo;&nbsp;Le Peuple des Abeilles&nbsp;&raquo;<\/span><\/a><\/p>\n","protected":false},"author":1,"featured_media":0,"comment_status":"closed","ping_status":"open","sticky":false,"template":"","format":"standard","meta":{"footnotes":""},"categories":[5],"tags":[],"_links":{"self":[{"href":"https:\/\/facebrealisation.org\/index.php\/wp-json\/wp\/v2\/posts\/303"}],"collection":[{"href":"https:\/\/facebrealisation.org\/index.php\/wp-json\/wp\/v2\/posts"}],"about":[{"href":"https:\/\/facebrealisation.org\/index.php\/wp-json\/wp\/v2\/types\/post"}],"author":[{"embeddable":true,"href":"https:\/\/facebrealisation.org\/index.php\/wp-json\/wp\/v2\/users\/1"}],"replies":[{"embeddable":true,"href":"https:\/\/facebrealisation.org\/index.php\/wp-json\/wp\/v2\/comments?post=303"}],"version-history":[{"count":3,"href":"https:\/\/facebrealisation.org\/index.php\/wp-json\/wp\/v2\/posts\/303\/revisions"}],"predecessor-version":[{"id":368,"href":"https:\/\/facebrealisation.org\/index.php\/wp-json\/wp\/v2\/posts\/303\/revisions\/368"}],"wp:attachment":[{"href":"https:\/\/facebrealisation.org\/index.php\/wp-json\/wp\/v2\/media?parent=303"}],"wp:term":[{"taxonomy":"category","embeddable":true,"href":"https:\/\/facebrealisation.org\/index.php\/wp-json\/wp\/v2\/categories?post=303"},{"taxonomy":"post_tag","embeddable":true,"href":"https:\/\/facebrealisation.org\/index.php\/wp-json\/wp\/v2\/tags?post=303"}],"curies":[{"name":"wp","href":"https:\/\/api.w.org\/{rel}","templated":true}]}}